[{"@context":"https:\/\/schema.org\/","@type":"Article","@id":"https:\/\/www.allka.cz\/tahani-privesu-za-autem\/#Article","mainEntityOfPage":"https:\/\/www.allka.cz\/tahani-privesu-za-autem\/","headline":"Tah\u00e1n\u00ed p\u0159\u00edv\u011bs\u016f za autem","name":"Tah\u00e1n\u00ed p\u0159\u00edv\u011bs\u016f za autem","description":"U\u017eite\u010dn\u00e1 p\u0159eprava P\u0159i takov\u00e9 stavb\u011b dom\u016f \u010di rekonstrukci je zapot\u0159eb\u00ed v\u011bt\u0161inou dost stavebn\u00edho materi\u00e1lu, a proto si nejprve ud\u011bl\u00e1me seznam, &hellip; <span class=\"read-more\"><a href=\"https:\/\/www.allka.cz\/tahani-privesu-za-autem\/\" class=\"more-link\">Pokra\u010dovat ve \u010dten\u00ed<\/a><\/span>","datePublished":"2021-09-08","dateModified":"2023-05-05","author":{"@type":"Person","@id":"https:\/\/www.allka.cz\/author\/#Person","name":"","url":"https:\/\/www.allka.cz\/author\/","identifier":1,"image":{"@type":"ImageObject","@id":"https:\/\/secure.gravatar.com\/avatar\/06eaac2906ebd8f5abb4917f3140de1503ec690466d6a69c4ec202bf5b15537c?s=96&d=mm&r=g","url":"https:\/\/secure.gravatar.com\/avatar\/06eaac2906ebd8f5abb4917f3140de1503ec690466d6a69c4ec202bf5b15537c?s=96&d=mm&r=g","height":96,"width":96}},"publisher":{"@type":"Organization","name":"allka.cz","logo":{"@type":"ImageObject","@id":"\/logo.png","url":"\/logo.png","width":600,"height":60}},"image":{"@type":"ImageObject","@id":"https:\/\/www.allka.cz\/wp-content\/uploads\/caravan-3818746_960_720.png","url":"https:\/\/www.allka.cz\/wp-content\/uploads\/caravan-3818746_960_720.png","height":0,"width":0},"url":"https:\/\/www.allka.cz\/tahani-privesu-za-autem\/","about":["V\u00fdrobky"],"wordCount":451,"articleBody":"       U\u017eite\u010dn\u00e1 p\u0159eprava P\u0159i takov\u00e9 stavb\u011b dom\u016f \u010di rekonstrukci je zapot\u0159eb\u00ed v\u011bt\u0161inou dost stavebn\u00edho materi\u00e1lu, a proto si nejprve ud\u011bl\u00e1me seznam, co v\u0161echno pot\u0159ebujeme a v jak\u00e9m mno\u017estv\u00ed, abychom se mohli vydat do stavebnin. Probl\u00e9m je v\u0161ak v tom, \u017ee kufr nem\u00e1 neomezenou kapacitu. Proto lid\u00e9 vlastn\u00ed p\u0159\u00edv\u011bsn\u00e9 voz\u00edky, kter\u00e9 zap\u0159\u00e1hnou za auto a r\u00e1zem maj\u00ed praktick\u00fd prostor, na kter\u00fd toho m\u016f\u017eeme nalo\u017eit opravdu spoustu.Kdy\u017e v\u0161e spr\u00e1vn\u011b upevn\u00edme nap\u0159\u00edklad p\u0159es kurty, tak se nem\u00e1me \u010deho b\u00e1t. Nebr\u017ed\u011bn\u00e9 voz\u00edky se vyr\u00e1b\u00ed a\u017e do nosnosti 750 kg, co\u017e je opravdu slu\u0161n\u00e1 v\u00e1ha. Kdy\u017e m\u00e1 v\u00fdklopn\u00e9 \u010delo, tak klidn\u011b m\u016f\u017eeme nalo\u017eit kamen\u00ed, proto\u017ee se n\u00e1m bude dob\u0159e vytahovat. D\u00e1le lid\u00e9 za autem tahaj\u00ed t\u0159eba karavany, proto\u017ee je to skv\u011bl\u00fd zp\u016fsob, jak si zajistit ubytov\u00e1n\u00ed na dovolenou, a to za n\u00edzkou cenu. V\u0161echny tyto p\u0159\u00edv\u011bsy maj\u00ed jedno spole\u010dn\u00e9 a to, \u017ee k jejich pou\u017e\u00edv\u00e1n\u00ed pot\u0159ebujeme vhodn\u00e9 ta\u017en\u00e9 za\u0159\u00edzen\u00ed v\u010detn\u011b elektroinstalace.V\u00fdb\u011br a mont\u00e1\u017eV\u011bt\u0161inou si m\u016f\u017eeme z ta\u017en\u00fdch za\u0159\u00edzen\u00ed vyb\u00edrat, a proto se na n\u011b pod\u00edv\u00e1me trochu bl\u00ed\u017ee. M\u011bli bychom se rozmyslet, k \u010demu jej vlastn\u011b budeme po\u017e\u00edvat. V\u011bt\u0161ina lid\u00ed jej vyu\u017eije jenom p\u00e1rkr\u00e1t do roka, a proto v takov\u00e9m p\u0159\u00edpad\u011b m\u016f\u017eeme zvolit odn\u00edmateln\u00fd typ, kter\u00fd m\u016f\u017eeme kdykoliv sundat a schovat t\u0159eba do kufru. P\u0159i v\u00fdb\u011bru mus\u00edme v\u017edy db\u00e1t na to, aby ta\u017en\u00e9 bylo homologov\u00e1no pro dan\u00fd model automobilu. V prodeji ta\u017en\u00fdch za\u0159\u00edzen\u00ed https:\/\/www.amsa.cz\/Tazne-Zarizeni-3691 m\u00e1 tato spole\u010dnost po\u0159\u00e1dek, tak\u017ee je m\u00e1ma hezky se\u0159azen\u00e9 podle aut, kdy m\u00e1me jistotu, \u017ee na n\u011b skute\u010dn\u011b pasuj\u00ed. Maj\u00ed v\u0161echny n\u00e1le\u017eitosti pro provoz, tak\u017ee se nemus\u00edme b\u00e1t z\u00e1kon\u016f a STK.Mont\u00e1\u017e si bu\u010f m\u016f\u017eeme ud\u011blat sami, nebo o to po\u0159\u00e1d\u00e1me servis, kde se t\u00edm zab\u00fdvaj\u00ed. N\u00e1sledn\u011b si mont\u00e1\u017e nech\u00e1me zkontrolovat. A\u017e potom skon\u010d\u00edme s pat\u0159i\u010dn\u00fdm dokumenty si jej zapsat na urad4. N\u00e1sledn\u011b u\u017e jej m\u016f\u017eeme pou\u017e\u00edvat, jak se n\u00e1m zl\u00edb\u00ed, p\u0159i\u010dem\u017e snad ka\u017ed\u00e9 ta\u017en\u00e9 vydr\u017e\u00ed a\u017e do se\u0161rotov\u00e1n\u00ed vozu, nebo si jej n\u011bkdo vymontuje a pou\u017e\u00edv\u00e1 na dal\u0161\u00edm aut\u011b.                                                                                                                                                                                                                                                                                                                                                                                           3.3\/5 - (13 votes)        "},{"@context":"https:\/\/schema.org\/","@type":"BreadcrumbList","itemListElement":[{"@type":"ListItem","position":1,"name":"Tah\u00e1n\u00ed p\u0159\u00edv\u011bs\u016f za autem","item":"https:\/\/www.allka.cz\/tahani-privesu-za-autem\/#breadcrumbitem"}]}]