[{"@context":"https:\/\/schema.org\/","@type":"Article","@id":"https:\/\/www.allka.cz\/uzijte-si-navstevu-u-barbera\/#Article","mainEntityOfPage":"https:\/\/www.allka.cz\/uzijte-si-navstevu-u-barbera\/","headline":"U\u017eijte si n\u00e1v\u0161t\u011bvu u barbera","name":"U\u017eijte si n\u00e1v\u0161t\u011bvu u barbera","description":"Vzhled je velmi d\u016fle\u017eit\u00fd. Mnoz\u00ed si mysl\u00ed, \u017ee p\u00e9\u010de o vzhled je v\u00fdsadou pro \u017eeny, ale opak je pravdou. O &hellip; <span class=\"read-more\"><a href=\"https:\/\/www.allka.cz\/uzijte-si-navstevu-u-barbera\/\" class=\"more-link\">Pokra\u010dovat ve \u010dten\u00ed<\/a><\/span>","datePublished":"2025-03-29","dateModified":"2025-03-29","author":{"@type":"Person","@id":"https:\/\/www.allka.cz\/author\/#Person","name":"","url":"https:\/\/www.allka.cz\/author\/","identifier":1,"image":{"@type":"ImageObject","@id":"https:\/\/secure.gravatar.com\/avatar\/06eaac2906ebd8f5abb4917f3140de1503ec690466d6a69c4ec202bf5b15537c?s=96&d=mm&r=g","url":"https:\/\/secure.gravatar.com\/avatar\/06eaac2906ebd8f5abb4917f3140de1503ec690466d6a69c4ec202bf5b15537c?s=96&d=mm&r=g","height":96,"width":96}},"publisher":{"@type":"Organization","name":"allka.cz","logo":{"@type":"ImageObject","@id":"\/logo.png","url":"\/logo.png","width":600,"height":60}},"image":{"@type":"ImageObject","@id":"https:\/\/www.allka.cz\/wp-content\/uploads\/allef-vinicius-IvQeAVeJULw-unsplash_1.jpg","url":"https:\/\/www.allka.cz\/wp-content\/uploads\/allef-vinicius-IvQeAVeJULw-unsplash_1.jpg","height":0,"width":0},"url":"https:\/\/www.allka.cz\/uzijte-si-navstevu-u-barbera\/","about":["Slu\u017eby"],"wordCount":465,"articleBody":"      Vzhled je velmi d\u016fle\u017eit\u00fd. Mnoz\u00ed si mysl\u00ed, \u017ee p\u00e9\u010de o vzhled je v\u00fdsadou pro \u017eeny, ale opak je pravdou. O sv\u016fj vzhled pe\u010duj\u00ed \u010d\u00edm d\u00e1l t\u00edm v\u00edce i mu\u017ei. P\u00e9\u010de o vlasy a vousy je velmi d\u016fle\u017eit\u00e1. Nejenom pro reprezentativn\u00ed vzhled, ale tak\u00e9 kv\u016fli zdrav\u00ed a dodr\u017eov\u00e1n\u00edm hygieny. Pokud chcete za\u017e\u00edt nadstandartn\u00ed p\u00e9\u010di o va\u0161e vlasy i vousy \u010di strni\u0161t\u011b, nav\u0161tivte n\u00e1\u0161 barber shop Praha. Zde se v\u00e1m dostane jedine\u010dn\u00e9ho z\u00e1\u017eitku a v\u00fdsledek v\u00e1s ohrom\u00ed.Pro\u010d byste si m\u011bli vybrat zrovna n\u00e1s?\u0160kolen\u00ed odborn\u00edciNa\u0161i barbe\u0159i jsou na slovo vzat\u00ed odborn\u00edci, kte\u0159\u00ed svou pr\u00e1ci vykon\u00e1vaj\u00ed s l\u00e1skou. Jejich v\u00e1\u0161e\u0148 pro detail u\u010din\u00ed z va\u0161eho \u00fa\u010desu stylov\u00e9 d\u00edlo, kter\u00e9 v\u00e1m bude slu\u0161et a podtrhne v\u00e1\u0161 vzhled. A\u0165 u\u017e t\u00edhnete ke klasick\u00e9mu st\u0159ihu nebo chcete n\u011bco modern\u00edho, zde budete ve spr\u00e1vn\u00fdch rukou.P\u0159\u00e1telsk\u00e1 atmosf\u00e9raV na\u0161em barber shopu se budete c\u00edtit velmi pohodln\u011b. Zakl\u00e1d\u00e1me si na tom, aby na\u0161e prost\u0159ed\u00ed bylo p\u0159\u00e1telsk\u00e9 a aby se na\u0161i klienti c\u00edtili komfortn\u011b. U n\u00e1s si m\u016f\u017eete odpo\u010dinout, popov\u00eddat nebo jen tak prost\u011b relaxovat b\u011bhem toho, co se budeme o v\u00e1s starat.\u0160irok\u00e1 nab\u00eddka slu\u017eebN\u00e1\u0161 barber shop nab\u00edz\u00ed \u0161irok\u00e9 spektrum slu\u017eeb. Klasick\u00e9 sest\u0159ihy, holen\u00ed pomoc\u00ed b\u0159itvy, \u00fapravu vous\u016f, modern\u00ed styling. Sou\u010d\u00e1st\u00ed p\u00e9\u010di je tak\u00e9 o\u0161et\u0159en\u00ed vlas\u016f a pleti pomoc\u00ed kvalitn\u00edch kosmetick\u00fdch produkt\u016f, kter\u00e9 se postaraj\u00ed o zdrav\u00ed a zdrav\u00fd r\u016fst va\u0161ich vlas\u016f a vous\u016f.Kvalitn\u00ed kosmetick\u00e9 produktyP\u0159i p\u00e9\u010di o na\u0161e klienty pou\u017e\u00edv\u00e1me jen ty nejkvalitn\u011bj\u0161\u00ed produkty, kter\u00e9 m\u00e1me osv\u011bd\u010den\u00e9 roky pou\u017e\u00edv\u00e1n\u00edm. Na\u0161i barbe\u0159i v\u00e1m tak\u00e9 r\u00e1di porad\u00ed, jak\u00e9 kosmetick\u00e9 produkty za\u0159adit do dom\u00e1c\u00ed p\u00e9\u010de o v\u00e1\u0161 vzhled, aby v\u00e1\u0161 \u00fa\u010des vypadal neust\u00e1le, jako kdy\u017e vyjdete p\u0159\u00edmo z na\u0161eho barber shopu.Individu\u00e1ln\u00ed p\u0159\u00edstupZakl\u00e1d\u00e1me si na tom, \u017ee je pro n\u00e1s ka\u017ed\u00fd klient jedine\u010dn\u00fd. Va\u0161e p\u0159\u00e1n\u00ed a priority jsou pro n\u00e1s d\u016fle\u017eit\u00e9. P\u0159izp\u016fsob\u00edme na\u0161e slu\u017eby tak, aby naplnily va\u0161e o\u010dek\u00e1v\u00e1n\u00ed a vy jste odch\u00e1zeli maxim\u00e1ln\u011b spokojen\u00ed.Pokud v\u00e1s popis na\u0161eho Barber shopu zaujal, nev\u00e1hejte a zarezervujte si u n\u00e1s term\u00edn n\u00e1v\u0161t\u011bvy je\u0161t\u011b dnes. Kontakt najdete na na\u0161ich webov\u00fdch str\u00e1nk\u00e1ch.                                                                                                                                                                                                                                                                                                                                                                                          4.7\/5 - (9 votes)        "},{"@context":"https:\/\/schema.org\/","@type":"BreadcrumbList","itemListElement":[{"@type":"ListItem","position":1,"name":"U\u017eijte si n\u00e1v\u0161t\u011bvu u barbera","item":"https:\/\/www.allka.cz\/uzijte-si-navstevu-u-barbera\/#breadcrumbitem"}]}]